{"id":790,"date":"2023-06-24T08:19:21","date_gmt":"2023-06-24T08:19:21","guid":{"rendered":"https:\/\/www.fxdedonnea.be\/?p=790"},"modified":"2023-06-24T09:01:19","modified_gmt":"2023-06-24T09:01:19","slug":"f-x-de-donnea-denonce-linsecurite-dans-les-parcs-des-virunga-et-de-la-garamba","status":"publish","type":"post","link":"https:\/\/www.fxdedonnea.be\/?p=790","title":{"rendered":"F-X. de Donnea d\u00e9nonce l&rsquo;ins\u00e9curit\u00e9 dans les parcs des Virunga et de la Garamba"},"content":{"rendered":"\n<p><strong>En visite \u00e0 Kinshasa pour assister aux Conseils d&rsquo;administration des parcs nationaux de la Garamba et des Virunga, Fran\u00e7ois-Xavier de Donnea a \u00e9t\u00e9 re\u00e7u en audience par le Ministre de la D\u00e9fense nationale et des Anciens combattants, Jean-Pierre Bemba, (photo ci-dessus),&nbsp;aupr\u00e8s de qui il a d\u00e9nonc\u00e9 l&rsquo;ins\u00e9curit\u00e9 qui r\u00e9gnait dans les deux r\u00e9serves naturelles.<\/strong><\/p>\n\n\n\n<p>Compte rendu par Aurore Mudiayi Bukassa pour Belga. <\/p>\n\n\n\n<p>\u00ab\u00a0Les milices locales et les terroristes du M23 cr\u00e9ent l&rsquo;ins\u00e9curit\u00e9 dans les parcs de Virunga et de Garamba, en R\u00e9publique d\u00e9mocratique du Congo (RDC)\u00a0\u00bb, a d\u00e9nonc\u00e9 Fran\u00e7ois-Xavier de Donnea, administrateur belge de ces parcs, re\u00e7u en audience mardi \u00e0 Kinshasa, au minist\u00e8re congolais de la D\u00e9fense nationale.<\/p>\n\n\n\n<figure class=\"wp-block-pullquote\"><blockquote><p>\u00ab\u00a0Nous essayons de s\u00e9curiser autant que possible la population locale. Pour le moment, nous sommes essentiellement victimes d&rsquo;attaques des Ma\u00ef-Ma\u00ef et nous devons sans cesse repousser des attaques au nord, contre le personnel du parc de Virunga\u00a0\u00bb, pr\u00e9cise encore M. de Donnea. \u00ab\u00a0.<\/p><cite>selon des propos rapport\u00e9s par l&rsquo;agence congolaise de presse (ACP, officiel).<\/cite><\/blockquote><\/figure>\n\n\n\n<p><\/p>\n\n\n\n<p>&nbsp;&nbsp; \u00ab\u00a0Nous avons d\u00e9j\u00e0 perdu 15 gardes cette ann\u00e9e. La situation au Haut-U\u00e9l\u00e9, dans le parc de Garamba, est pacifi\u00e9e. Mais au parc de Virunga, la pr\u00e9sence de milices locales, ind\u00e9pendamment de celle du M-23 qui est aussi extr\u00eamement g\u00eanante, nous pose beaucoup de probl\u00e8mes\u00a0\u00bb, a d\u00e9clar\u00e9 M. De Donnea, \u00e0 l&rsquo;issue de sa rencontre avec le vice-Premier ministre, ministre de la D\u00e9fense nationale et des Anciens combattants, Jean-Pierre Bemba. <\/p>\n\n\n\n<p>&nbsp;&nbsp; La situation s\u00e9curitaire dans les deux parcs \u00e9tait au menu de leurs \u00e9changes, a pr\u00e9cis\u00e9 l&rsquo;ancien ministre belge de la D\u00e9fense. \u00ab\u00a0L&rsquo;essentiel de notre discussion a tourn\u00e9 autour des probl\u00e8mes de l&rsquo;ins\u00e9curit\u00e9 au Nord-Kivu, et nous avons voulu informer le vice-Premier ministre Bemba des efforts que fait le parc de Virunga pour contribuer \u00e0 la s\u00e9curisation au Nord-Kivu\u00a0\u00bb, a-t-il expliqu\u00e9.<\/p>\n\n\n\n<p>&nbsp;&nbsp; Selon des observateurs, le secteur touristique peine \u00e0 d\u00e9coller dans l&rsquo;Est de la RDC \u00e0 cause de l&rsquo;ins\u00e9curit\u00e9 qui frappe presque tous les parcs nationaux, et principalement celui de Virunga.<\/p>\n\n\n\n<figure class=\"wp-container-2 wp-block-gallery-1 wp-block-gallery has-nested-images columns-default is-cropped\">\n<figure class=\"wp-block-image size-large\"><a href=\"https:\/\/www.fxdedonnea.be\/wp-content\/uploads\/2023\/06\/IMG-20230622-WA0001.jpg\"><img loading=\"lazy\" width=\"1024\" height=\"653\" data-id=\"792\"  src=\"https:\/\/www.fxdedonnea.be\/wp-content\/uploads\/2023\/06\/IMG-20230622-WA0001-1024x653.jpg\" alt=\"\" class=\"wp-image-792\" srcset=\"https:\/\/www.fxdedonnea.be\/wp-content\/uploads\/2023\/06\/IMG-20230622-WA0001-1024x653.jpg 1024w, https:\/\/www.fxdedonnea.be\/wp-content\/uploads\/2023\/06\/IMG-20230622-WA0001-300x191.jpg 300w, https:\/\/www.fxdedonnea.be\/wp-content\/uploads\/2023\/06\/IMG-20230622-WA0001-768x490.jpg 768w, https:\/\/www.fxdedonnea.be\/wp-content\/uploads\/2023\/06\/IMG-20230622-WA0001-1536x980.jpg 1536w, https:\/\/www.fxdedonnea.be\/wp-content\/uploads\/2023\/06\/IMG-20230622-WA0001-1200x766.jpg 1200w, https:\/\/www.fxdedonnea.be\/wp-content\/uploads\/2023\/06\/IMG-20230622-WA0001.jpg 1600w\" sizes=\"(max-width: 709px) 85vw, (max-width: 909px) 67vw, (max-width: 1362px) 62vw, 840px\" \/><\/a><\/figure>\n<\/figure>\n\n\n\n<p>\u00a0\u00a0 M. De Donnea \u00e9tait accompagn\u00e9 par Emmanuel de M\u00e9rode, Directeur du Parc national des Virunga, lors de sa rencontre avec le Pr\u00e9sident de la R\u00e9publique d\u00e9mocratique du Congo, M. F\u00e9lix Tshisekedi.<\/p>\n\n\n\n<figure class=\"wp-block-embed is-type-rich is-provider-prise-en-charge-des-contenus-embarques wp-block-embed-prise-en-charge-des-contenus-embarques\"><div class=\"wp-block-embed__wrapper\">\n<div style=\"width: 640px;\" class=\"wp-video\"><!--[if lt IE 9]><script>document.createElement('video');<\/script><![endif]-->\n<video class=\"wp-video-shortcode\" id=\"video-790-1\" width=\"640\" height=\"360\" preload=\"metadata\" controls=\"controls\"><source type=\"video\/mp4\" src=\"https:\/\/www.fxdedonnea.be\/wp-content\/uploads\/2023\/06\/received_1260385824620317.mp4?_=1\" \/><a href=\"https:\/\/www.fxdedonnea.be\/wp-content\/uploads\/2023\/06\/received_1260385824620317.mp4\">https:\/\/www.fxdedonnea.be\/wp-content\/uploads\/2023\/06\/received_1260385824620317.mp4<\/a><\/video><\/div>\n<\/div><figcaption>Regarder le reportage <\/figcaption><\/figure>\n","protected":false},"excerpt":{"rendered":"<p>En visite \u00e0 Kinshasa pour assister aux Conseils d&rsquo;administration des parcs nationaux de la Garamba et des Virunga, Fran\u00e7ois-Xavier de Donnea a \u00e9t\u00e9 re\u00e7u en audience par le Ministre de la D\u00e9fense nationale et des Anciens combattants, Jean-Pierre Bemba, (photo ci-dessus),&nbsp;aupr\u00e8s de qui il a d\u00e9nonc\u00e9 l&rsquo;ins\u00e9curit\u00e9 qui r\u00e9gnait dans les deux r\u00e9serves naturelles. Compte &hellip; <a href=\"https:\/\/www.fxdedonnea.be\/?p=790\" class=\"more-link\">Continuer la lecture<span class=\"screen-reader-text\"> de &laquo;&nbsp;F-X. de Donnea d\u00e9nonce l&rsquo;ins\u00e9curit\u00e9 dans les parcs des Virunga et de la Garamba&nbsp;&raquo;<\/span><\/a><\/p>\n","protected":false},"author":1,"featured_media":791,"comment_status":"closed","ping_status":"closed","sticky":false,"template":"","format":"standard","meta":[],"categories":[3,7],"tags":[66,65,4,9,45,44,16,10],"_links":{"self":[{"href":"https:\/\/www.fxdedonnea.be\/index.php?rest_route=\/wp\/v2\/posts\/790"}],"collection":[{"href":"https:\/\/www.fxdedonnea.be\/index.php?rest_route=\/wp\/v2\/posts"}],"about":[{"href":"https:\/\/www.fxdedonnea.be\/index.php?rest_route=\/wp\/v2\/types\/post"}],"author":[{"embeddable":true,"href":"https:\/\/www.fxdedonnea.be\/index.php?rest_route=\/wp\/v2\/users\/1"}],"replies":[{"embeddable":true,"href":"https:\/\/www.fxdedonnea.be\/index.php?rest_route=%2Fwp%2Fv2%2Fcomments&post=790"}],"version-history":[{"count":6,"href":"https:\/\/www.fxdedonnea.be\/index.php?rest_route=\/wp\/v2\/posts\/790\/revisions"}],"predecessor-version":[{"id":801,"href":"https:\/\/www.fxdedonnea.be\/index.php?rest_route=\/wp\/v2\/posts\/790\/revisions\/801"}],"wp:featuredmedia":[{"embeddable":true,"href":"https:\/\/www.fxdedonnea.be\/index.php?rest_route=\/wp\/v2\/media\/791"}],"wp:attachment":[{"href":"https:\/\/www.fxdedonnea.be\/index.php?rest_route=%2Fwp%2Fv2%2Fmedia&parent=790"}],"wp:term":[{"taxonomy":"category","embeddable":true,"href":"https:\/\/www.fxdedonnea.be\/index.php?rest_route=%2Fwp%2Fv2%2Fcategories&post=790"},{"taxonomy":"post_tag","embeddable":true,"href":"https:\/\/www.fxdedonnea.be\/index.php?rest_route=%2Fwp%2Fv2%2Ftags&post=790"}],"curies":[{"name":"wp","href":"https:\/\/api.w.org\/{rel}","templated":true}]}}